{"id":7538,"date":"2025-02-12T19:41:53","date_gmt":"2025-02-12T19:41:53","guid":{"rendered":"https:\/\/www.loyola.edu.mx\/?p=7538"},"modified":"2025-02-13T17:50:19","modified_gmt":"2025-02-13T17:50:19","slug":"trump-fronteras-cerradas-y-la-globalizacion-una-mirada-desde-la-casa-comun","status":"publish","type":"post","link":"https:\/\/www.loyola.edu.mx\/?p=7538","title":{"rendered":"Trump, fronteras cerradas y la globalizaci\u00f3n: una mirada desde la casa com\u00fan."},"content":{"rendered":"<h6><span style=\"font-family: verdana, geneva, sans-serif;\">Por: Scott P\u00e9rez<\/span><\/h6>\n<p>&nbsp;<\/p>\n<p><span style=\"font-family: helvetica, arial, sans-serif; color: #000000;\">Si bien Donald Trump implement\u00f3 en su primer mandato como presidente de los Estados Unidos una serie de pol\u00edticas enfocadas en cerrar fronteras y fortalecer el mercado interno, en este segundo periodo ha endurecido esas medidas que tienen el objetivo de proteger su econom\u00eda y su seguridad nacional. Estas acciones contrastan con la tradici\u00f3n hist\u00f3rica de globalizaci\u00f3n que ha caracterizado a la pol\u00edtica estadounidense desde finales del siglo XX.<\/span><\/p>\n<p><span style=\"font-family: helvetica, arial, sans-serif; color: #000000;\">Desde una perspectiva ignaciana, que promueve la idea de la &#8220;casa com\u00fan&#8221; y la ciudadan\u00eda global, es fundamental que reflexionemos sobre el impacto de estas pol\u00edticas en el bien com\u00fan y la interdependencia de nuestros pueblos.<\/span><\/p>\n<p>&nbsp;<\/p>\n<h6><span style=\"font-family: helvetica, arial, sans-serif; color: #000000;\"><strong>La globalizaci\u00f3n y el papel hist\u00f3rico de EE. UU.<\/strong><\/span><\/h6>\n<p>&nbsp;<\/p>\n<p><span style=\"font-family: helvetica, arial, sans-serif; color: #000000;\">Estados Unidos ha sido uno de los principales arquitectos de la globalizaci\u00f3n, promoviendo la apertura de mercados, el libre comercio y la interconexi\u00f3n econ\u00f3mica entre pa\u00edses. Pol\u00edticas como el Tratado de Libre Comercio de Am\u00e9rica del Norte (TLCAN), ahora llamado T-MEC, o su participaci\u00f3n en organismos como la Organizaci\u00f3n Mundial del Comercio (OMC) han sido clave para expandir su influencia econ\u00f3mica y generar un crecimiento selectivo.<\/span><\/p>\n<p><span style=\"font-family: helvetica, arial, sans-serif; color: #000000;\">Sin embargo, la globalizaci\u00f3n tambi\u00e9n ha tra\u00eddo consigo desigualdades y crisis laborales en sectores industriales dentro de EE. UU., generando un malestar que l\u00edderes como Trump capitalizaron con su discurso proteccionista en estas \u00faltimas elecciones, y que en gran medida basa la ret\u00f3rica de su gobierno.<\/span><\/p>\n<p><span style=\"font-family: helvetica, arial, sans-serif; color: #000000;\">Durante los \u00faltimos a\u00f1os hemos sido testigos de c\u00f3mo el nuevo modelo de nacionalismo econ\u00f3mico o proteccionista ha imperado en los pa\u00edses donde la derecha (m\u00e1s radical) ha encabezado sus gobiernos. El caso del Brexit en Reino Unido, el \u201c<em>America First<\/em>\u201d en Estados Unidos, hasta el cierre de fronteras por todo Europa. Lo que ha ido debilitando la integraci\u00f3n de los bloques comerciales.<\/span><\/p>\n<p><span style=\"font-family: helvetica, arial, sans-serif; color: #000000;\">Hoy podemos decir que el Estados Unidos est\u00e1 reinventando la globalizaci\u00f3n basada en el proteccionismo, modelo que combati\u00f3 despu\u00e9s de la Segunda Guerra Mundial, esto debido a que la guerra comercial que tiene con China desde hace a\u00f1os. Por lo cual hemos observado como el pa\u00eds norteamericano ha limitado y castigado la participaci\u00f3n de empresas chinas como TikTok y Huawei en su territorio.<\/span><\/p>\n<p>&nbsp;<\/p>\n<h6><span style=\"font-family: helvetica, arial, sans-serif; color: #000000;\"><strong>La pol\u00edtica de fronteras cerradas y proteccionismo de Trump<\/strong><\/span><\/h6>\n<p>&nbsp;<\/p>\n<p><span style=\"font-family: helvetica, arial, sans-serif; color: #000000;\">La administraci\u00f3n Trump adopt\u00f3 una postura nacionalista con medidas como:<\/span><\/p>\n<ul>\n<li><span style=\"font-family: helvetica, arial, sans-serif; color: #000000;\">Construcci\u00f3n y reforzamiento del muro fronterizo con M\u00e9xico.<\/span><\/li>\n<li><span style=\"font-family: helvetica, arial, sans-serif; color: #000000;\">Restricciones migratorias, incluyendo el veto a pa\u00edses musulmanes.<\/span><\/li>\n<li><span style=\"font-family: helvetica, arial, sans-serif; color: #000000;\">Renegociaci\u00f3n del TLCAN para crear el T-MEC con condiciones m\u00e1s favorables para EE. UU.<\/span><\/li>\n<li><span style=\"font-family: helvetica, arial, sans-serif; color: #000000;\">Guerra comercial con China para reducir el d\u00e9ficit comercial y fomentar el consumo de productos nacionales.<\/span><\/li>\n<li><span style=\"font-family: helvetica, arial, sans-serif; color: #000000;\">Imposici\u00f3n de aranceles a M\u00e9xico y Canad\u00e1 con los cuales busca persuadir a sus gobiernos de intensificar la lucha contra el fentanilo y otras drogas, adem\u00e1s de intentar reducir un supuesto d\u00e9ficit comercial con el pa\u00eds azteca.<\/span><\/li>\n<\/ul>\n<p><span style=\"font-family: helvetica, arial, sans-serif; color: #000000;\">Si bien estas pol\u00edticas pretenden fortalecer su econom\u00eda local y garantizar empleos para los estadounidenses, tambi\u00e9n han tenido consecuencias negativas, como la disrupci\u00f3n de cadenas de suministro, el encarecimiento de productos y el deterioro de relaciones internacionales.<\/span><\/p>\n<p>&nbsp;<\/p>\n<h6><span style=\"font-family: helvetica, arial, sans-serif; color: #000000;\"><strong>Ciudadan\u00eda global vs. Nacionalismo econ\u00f3mico<\/strong><\/span><\/h6>\n<p>&nbsp;<\/p>\n<p><span style=\"font-family: helvetica, arial, sans-serif; color: #000000;\">Desde la perspectiva ignaciana, la &#8220;casa com\u00fan&#8221; nos invita a reconocer la interdependencia de los pueblos y la responsabilidad compartida sobre el bienestar global. El nacionalismo econ\u00f3mico, aunque pueda parecer beneficioso a corto plazo para ciertos sectores, ignora la realidad de un mundo interconectado donde la cooperaci\u00f3n internacional es clave para el desarrollo sostenible de todas las naciones.<\/span><\/p>\n<p><span style=\"font-family: helvetica, arial, sans-serif; color: #000000;\">En lugar de cerrar fronteras y priorizar exclusivamente el inter\u00e9s nacional, es posible dise\u00f1ar pol\u00edticas que fomenten la inclusi\u00f3n, el comercio justo y la movilidad humana en un marco de respeto y solidaridad global, atacando en conjunto las causas de la migraci\u00f3n.<\/span><\/p>\n<p>&nbsp;<\/p>\n<h6><span style=\"font-family: helvetica, arial, sans-serif; color: #000000;\"><strong>\u00bfEs posible una pol\u00edtica m\u00e1s integradora?<\/strong><\/span><\/h6>\n<p>&nbsp;<\/p>\n<p><span style=\"font-family: helvetica, arial, sans-serif; color: #000000;\">Existen ejemplos de pa\u00edses que han logrado equilibrar el desarrollo interno con la cooperaci\u00f3n global. La Uni\u00f3n Europea, por ejemplo, ha implementado pol\u00edticas de movilidad laboral que benefician tanto a las econom\u00edas nacionales como a los trabajadores migrantes. Asimismo, acuerdos comerciales basados en principios de equidad pueden fomentar la prosperidad sin necesidad de medidas extremas de proteccionismo.<\/span><\/p>\n<p>&nbsp;<\/p>\n<h6><span style=\"font-family: helvetica, arial, sans-serif; color: #000000;\"><strong>Construyamos caminos<\/strong><\/span><\/h6>\n<p>&nbsp;<\/p>\n<p><span style=\"font-family: helvetica, arial, sans-serif; color: #000000;\">El dilema entre proteccionismo y globalizaci\u00f3n no tiene respuestas f\u00e1ciles, pero s\u00ed es posible encontrar un punto de equilibrio que garantice el bienestar nacional sin descuidar la responsabilidad global. La perspectiva ignaciana nos llama a ver m\u00e1s all\u00e1 de nuestras fronteras y a trabajar por una econom\u00eda que no solo proteja a unos pocos, sino que impulse el bien com\u00fan para todos los pueblos.<\/span><\/p>\n<p><span style=\"font-family: helvetica, arial, sans-serif; color: #000000;\">Las pol\u00edticas de Trump nos recuerdan que el miedo y el cierre de fronteras pueden ser respuestas tentadoras ante la incertidumbre econ\u00f3mica y social, pero el verdadero reto es construir puentes y modelos de desarrollo m\u00e1s justos y sostenibles para las naciones.<\/span><\/p>\n<p><span style=\"font-family: helvetica, arial, sans-serif; color: #000000;\">En un mundo interdependiente, la mejor estrategia no es levantar muros, sino abrir caminos hacia la comunicaci\u00f3n, la cooperaci\u00f3n y la justicia global.<\/span><\/p>\n<p>&nbsp;<\/p>\n<p><img fetchpriority=\"high\" decoding=\"async\" class=\"aligncenter wp-image-7540 size-full\" src=\"https:\/\/www.loyola.edu.mx\/wp-content\/uploads\/2025\/02\/250123-aca12-des-f1-problable-que-Trump-aplique-aranceles-del-25-solo-a-ciertos-productos.jpg\" alt=\"\" width=\"990\" height=\"557\" srcset=\"https:\/\/www.loyola.edu.mx\/wp-content\/uploads\/2025\/02\/250123-aca12-des-f1-problable-que-Trump-aplique-aranceles-del-25-solo-a-ciertos-productos.jpg 990w, https:\/\/www.loyola.edu.mx\/wp-content\/uploads\/2025\/02\/250123-aca12-des-f1-problable-que-Trump-aplique-aranceles-del-25-solo-a-ciertos-productos-300x169.jpg 300w, https:\/\/www.loyola.edu.mx\/wp-content\/uploads\/2025\/02\/250123-aca12-des-f1-problable-que-Trump-aplique-aranceles-del-25-solo-a-ciertos-productos-768x432.jpg 768w\" sizes=\"(max-width: 990px) 100vw, 990px\" \/><\/p>\n<p>&nbsp;<\/p>\n<p><strong>S\u00edguenos en:\u00a0<a href=\"https:\/\/www.facebook.com\/LoyolaSecu\/\" target=\"_blank\" rel=\"noopener\">Facebook<\/a>,\u00a0<a href=\"https:\/\/www.instagram.com\/loyolauniversidad\/\" target=\"_blank\" rel=\"noopener\">Instagram<\/a>,\u00a0<a href=\"https:\/\/x.com\/Loyola_Sistema\" target=\"_blank\" rel=\"noopener\">Twitter.<\/a><\/strong><\/p>\n","protected":false},"excerpt":{"rendered":"<p>Por: Scott P\u00e9rez &nbsp; Si bien Donald Trump implement\u00f3 en su primer mandato como presidente de los Estados Unidos una serie de pol\u00edticas enfocadas en cerrar fronteras y fortalecer el mercado interno, en este segundo periodo ha endurecido esas medidas que tienen el objetivo de proteger su econom\u00eda y su seguridad nacional. Estas acciones contrastan [&hellip;]<\/p>\n","protected":false},"author":12,"featured_media":7539,"comment_status":"closed","ping_status":"open","sticky":false,"template":"","format":"standard","meta":{"footnotes":""},"categories":[108],"tags":[109,111],"class_list":["post-7538","post","type-post","status-publish","format-standard","has-post-thumbnail","hentry","category-en-palabras-de","tag-en-palabras-de","tag-identidad-ignaciana"],"jetpack_featured_media_url":"https:\/\/www.loyola.edu.mx\/wp-content\/uploads\/2025\/02\/Destacada-El-Puente-donald.png","_links":{"self":[{"href":"https:\/\/www.loyola.edu.mx\/index.php?rest_route=\/wp\/v2\/posts\/7538","targetHints":{"allow":["GET"]}}],"collection":[{"href":"https:\/\/www.loyola.edu.mx\/index.php?rest_route=\/wp\/v2\/posts"}],"about":[{"href":"https:\/\/www.loyola.edu.mx\/index.php?rest_route=\/wp\/v2\/types\/post"}],"author":[{"embeddable":true,"href":"https:\/\/www.loyola.edu.mx\/index.php?rest_route=\/wp\/v2\/users\/12"}],"replies":[{"embeddable":true,"href":"https:\/\/www.loyola.edu.mx\/index.php?rest_route=%2Fwp%2Fv2%2Fcomments&post=7538"}],"version-history":[{"count":5,"href":"https:\/\/www.loyola.edu.mx\/index.php?rest_route=\/wp\/v2\/posts\/7538\/revisions"}],"predecessor-version":[{"id":7545,"href":"https:\/\/www.loyola.edu.mx\/index.php?rest_route=\/wp\/v2\/posts\/7538\/revisions\/7545"}],"wp:featuredmedia":[{"embeddable":true,"href":"https:\/\/www.loyola.edu.mx\/index.php?rest_route=\/wp\/v2\/media\/7539"}],"wp:attachment":[{"href":"https:\/\/www.loyola.edu.mx\/index.php?rest_route=%2Fwp%2Fv2%2Fmedia&parent=7538"}],"wp:term":[{"taxonomy":"category","embeddable":true,"href":"https:\/\/www.loyola.edu.mx\/index.php?rest_route=%2Fwp%2Fv2%2Fcategories&post=7538"},{"taxonomy":"post_tag","embeddable":true,"href":"https:\/\/www.loyola.edu.mx\/index.php?rest_route=%2Fwp%2Fv2%2Ftags&post=7538"}],"curies":[{"name":"wp","href":"https:\/\/api.w.org\/{rel}","templated":true}]}}