{"id":8234,"date":"2025-04-28T16:10:16","date_gmt":"2025-04-28T16:10:16","guid":{"rendered":"https:\/\/www.loyola.edu.mx\/?p=8234"},"modified":"2025-04-28T19:42:20","modified_gmt":"2025-04-28T19:42:20","slug":"francisco-el-papa-jesuita-que-nos-recordo-el-valor-de-lo-humano","status":"publish","type":"post","link":"https:\/\/www.loyola.edu.mx\/?p=8234","title":{"rendered":"Francisco: el Papa jesuita que nos record\u00f3 el valor de lo humano."},"content":{"rendered":"<h6><span style=\"font-family: verdana, geneva, sans-serif; color: #000000;\">Por: Scott P\u00e9rez<\/span><\/h6>\n<p>&#8211;<\/p>\n<p><span style=\"font-family: verdana, geneva, sans-serif; color: #000000;\">La muerte del Papa Francisco ha dejado una huella imborrable no solo en la historia de la Iglesia cat\u00f3lica, sino tambi\u00e9n en la conciencia social del mundo. Su figura fue mucho m\u00e1s que la de un l\u00edder religioso: fue la de un hombre profundamente comprometido con la justicia, la dignidad humana y la transformaci\u00f3n social. Su condici\u00f3n de jesuita no fue un detalle m\u00e1s, sino el lente desde el cual interpret\u00f3 y actu\u00f3 ante los grandes desaf\u00edos del siglo XXI.<\/span><\/p>\n<p><span style=\"font-family: verdana, geneva, sans-serif; color: #000000;\"><strong>Un liderazgo que vino del sur<\/strong><\/span><\/p>\n<p><span style=\"font-family: verdana, geneva, sans-serif; color: #000000;\">Francisco fue el primer Papa latinoamericano, formado en la sensibilidad de una regi\u00f3n marcada por la pobreza estructural, la desigualdad y la violencia. Su mirada no fue euroc\u00e9ntrica (como sus antecesores), ni su diagn\u00f3stico tibio. Denunci\u00f3 abiertamente la &#8220;econom\u00eda que mata&#8221;, las consecuencias del cambio clim\u00e1tico, la exclusi\u00f3n de migrantes y el abandono de los j\u00f3venes, este \u00faltimo fue un grupo al cual le dedic\u00f3 especial inter\u00e9s durante su papado. Su voz fue inc\u00f3moda para los poderosos (incluso dentro de la Iglesia), pero esperanzadora para millones que encontraron en sus palabras una afirmaci\u00f3n de su dignidad.<\/span><\/p>\n<p><span style=\"font-family: verdana, geneva, sans-serif; color: #000000;\"><strong>Jesuita, es decir, para los dem\u00e1s<\/strong><\/span><\/p>\n<p><span style=\"font-family: verdana, geneva, sans-serif; color: #000000;\">Ser jesuita signific\u00f3 para Francisco tener una mirada profunda sobre la realidad, estar dispuesto al discernimiento constante y actuar en consecuencia. No busc\u00f3 comodidad ni consenso, sino conversi\u00f3n y compromiso. Su opci\u00f3n preferencial por los pobres no fue una consigna, sino una praxis visible en su estilo de vida, en sus gestos simb\u00f3licos y en sus enc\u00edclicas, destacando <em>Laudato Si&#8217;<\/em> y <em>Fratelli Tutti<\/em>, donde invit\u00f3 al mundo a repensarse como una casa com\u00fan, valor que hoy se comparte desde las aulas de inspiraci\u00f3n ignaciana como la Loyola.<\/span><\/p>\n<p><span style=\"font-family: verdana, geneva, sans-serif; color: #000000;\"><strong>Una agenda social que trascendi\u00f3 lo religioso<\/strong><\/span><\/p>\n<p><span style=\"font-family: verdana, geneva, sans-serif; color: #000000;\">Francisco fue un referente global en temas como el medio ambiente, la construcci\u00f3n de paz, la justicia social y el di\u00e1logo interreligioso. Llev\u00f3 la agenda de la Iglesia m\u00e1s all\u00e1 de los templos, hacia las calles, los barrios populares, las fronteras y las periferias, donde algunas otras figuras de la Iglesia se hab\u00edan ausentado. En un tiempo donde el individualismo parece imponerse, su mensaje fue el del encuentro, la escucha y la acci\u00f3n transformadora. Como bien lo se\u00f1al\u00f3 en su enc\u00edclica <em>Fratelli Tutti <\/em>(2020), \u201cestamos m\u00e1s solos que nunca en este mundo masificado que hace prevalecer los intereses individuales y debilita la dimensi\u00f3n comunitaria de la existencia\u201d.<\/span><\/p>\n<p><span style=\"font-family: verdana, geneva, sans-serif; color: #000000;\">El valor de la comunidad que hoy est\u00e1 infravalorado en el mundo, con modelos econ\u00f3micos y sociales cada vez m\u00e1s cerrados a la colectividad.<\/span><\/p>\n<p><span style=\"font-family: verdana, geneva, sans-serif; color: #000000;\"><strong>El legado que queda<\/strong><\/span><\/p>\n<p><span style=\"font-family: verdana, geneva, sans-serif; color: #000000;\">La muerte de Francisco no es solo la p\u00e9rdida de un Papa, sino la partida de un l\u00edder moral que supo colocar en el centro de la discusi\u00f3n global aquello que muchas veces se ignora: la humanidad herida. Nos record\u00f3 que no se puede hablar de desarrollo sin justicia, ni de fe sin compromiso social.<\/span><\/p>\n<p><span style=\"font-family: verdana, geneva, sans-serif; color: #000000;\">Hoy, m\u00e1s que nunca, necesitamos seguir su ejemplo: mirar el mundo con ojos compasivos, actuar con valent\u00eda, y construir puentes donde otros levantan muros (muy de moda en estos \u201ctiempos\u201d). Francisco fue, desde su identidad jesuita, un testimonio viviente de que la espiritualidad aut\u00e9ntica es aquella que se encarna en la historia y se compromete con la transformaci\u00f3n del mundo.<\/span><\/p>\n<p><span style=\"font-family: verdana, geneva, sans-serif;\"><strong>\u00a0&#8211;<\/strong><\/span><\/p>\n<p><img fetchpriority=\"high\" decoding=\"async\" class=\"aligncenter wp-image-8236 size-large\" src=\"https:\/\/www.loyola.edu.mx\/wp-content\/uploads\/2025\/04\/francisco-nairobi-pobreza-1024x525.png\" alt=\"\" width=\"1024\" height=\"525\" srcset=\"https:\/\/www.loyola.edu.mx\/wp-content\/uploads\/2025\/04\/francisco-nairobi-pobreza-1024x525.png 1024w, https:\/\/www.loyola.edu.mx\/wp-content\/uploads\/2025\/04\/francisco-nairobi-pobreza-300x154.png 300w, https:\/\/www.loyola.edu.mx\/wp-content\/uploads\/2025\/04\/francisco-nairobi-pobreza-768x394.png 768w, https:\/\/www.loyola.edu.mx\/wp-content\/uploads\/2025\/04\/francisco-nairobi-pobreza.png 1170w\" sizes=\"(max-width: 1024px) 100vw, 1024px\" \/><\/p>\n<p>&nbsp;<\/p>\n<p><span style=\"font-family: verdana, geneva, sans-serif; color: #000000;\"><strong>Referencias<\/strong><\/span><\/p>\n<p><span style=\"font-family: verdana, geneva, sans-serif; color: #000000;\"><em>Laudato si\u2019 (24 de mayo de 2015) | Francisco<\/em>. (2015, 18 junio). Vatican.va.<\/span><\/p>\n<p><span style=\"font-family: verdana, geneva, sans-serif; color: #000000;\">https:\/\/www.vatican.va\/content\/francesco\/es\/encyclicals\/documents\/papa-francesco_20150524_enciclica-laudato-si.html<\/span><\/p>\n<p><span style=\"font-family: verdana, geneva, sans-serif; color: #000000;\"><em>Fratelli tutti (3 de octubre de 2020) | Francisco<\/em>. (2020, 3 octubre). Vatican.va.<\/span><\/p>\n<p><span style=\"font-family: verdana, geneva, sans-serif; color: #000000;\">https:\/\/www.vatican.va\/content\/francesco\/es\/encyclicals\/documents\/papa-francesco_20201003_enciclica-fratelli-tutti.html<\/span><\/p>\n<p>&nbsp;<\/p>\n<p><strong>S\u00edguenos en:\u00a0<a href=\"https:\/\/www.facebook.com\/share\/p\/16MsC7XoUv\/\" target=\"_blank\" rel=\"noopener\">Facebook<\/a>,\u00a0<a href=\"https:\/\/www.instagram.com\/loyolauniversidad\/\" target=\"_blank\" rel=\"noopener\">Instagram<\/a>,\u00a0<a href=\"https:\/\/x.com\/Loyola_Sistema\" target=\"_blank\" rel=\"noopener\">Twitter.<\/a><\/strong><\/p>\n","protected":false},"excerpt":{"rendered":"<p>Por: Scott P\u00e9rez &#8211; La muerte del Papa Francisco ha dejado una huella imborrable no solo en la historia de la Iglesia cat\u00f3lica, sino tambi\u00e9n en la conciencia social del mundo. Su figura fue mucho m\u00e1s que la de un l\u00edder religioso: fue la de un hombre profundamente comprometido con la justicia, la dignidad humana [&hellip;]<\/p>\n","protected":false},"author":12,"featured_media":8235,"comment_status":"closed","ping_status":"open","sticky":false,"template":"","format":"standard","meta":{"footnotes":""},"categories":[108],"tags":[109],"class_list":["post-8234","post","type-post","status-publish","format-standard","has-post-thumbnail","hentry","category-en-palabras-de","tag-en-palabras-de"],"jetpack_featured_media_url":"https:\/\/www.loyola.edu.mx\/wp-content\/uploads\/2025\/04\/Destacada-El-Puente-el-papa.jpg","_links":{"self":[{"href":"https:\/\/www.loyola.edu.mx\/index.php?rest_route=\/wp\/v2\/posts\/8234","targetHints":{"allow":["GET"]}}],"collection":[{"href":"https:\/\/www.loyola.edu.mx\/index.php?rest_route=\/wp\/v2\/posts"}],"about":[{"href":"https:\/\/www.loyola.edu.mx\/index.php?rest_route=\/wp\/v2\/types\/post"}],"author":[{"embeddable":true,"href":"https:\/\/www.loyola.edu.mx\/index.php?rest_route=\/wp\/v2\/users\/12"}],"replies":[{"embeddable":true,"href":"https:\/\/www.loyola.edu.mx\/index.php?rest_route=%2Fwp%2Fv2%2Fcomments&post=8234"}],"version-history":[{"count":2,"href":"https:\/\/www.loyola.edu.mx\/index.php?rest_route=\/wp\/v2\/posts\/8234\/revisions"}],"predecessor-version":[{"id":8245,"href":"https:\/\/www.loyola.edu.mx\/index.php?rest_route=\/wp\/v2\/posts\/8234\/revisions\/8245"}],"wp:featuredmedia":[{"embeddable":true,"href":"https:\/\/www.loyola.edu.mx\/index.php?rest_route=\/wp\/v2\/media\/8235"}],"wp:attachment":[{"href":"https:\/\/www.loyola.edu.mx\/index.php?rest_route=%2Fwp%2Fv2%2Fmedia&parent=8234"}],"wp:term":[{"taxonomy":"category","embeddable":true,"href":"https:\/\/www.loyola.edu.mx\/index.php?rest_route=%2Fwp%2Fv2%2Fcategories&post=8234"},{"taxonomy":"post_tag","embeddable":true,"href":"https:\/\/www.loyola.edu.mx\/index.php?rest_route=%2Fwp%2Fv2%2Ftags&post=8234"}],"curies":[{"name":"wp","href":"https:\/\/api.w.org\/{rel}","templated":true}]}}